{"id":16320,"date":"2024-05-06T14:35:17","date_gmt":"2024-05-06T12:35:17","guid":{"rendered":"https:\/\/mesdelicesbrioches.fr\/?p=16320"},"modified":"2024-05-06T15:01:01","modified_gmt":"2024-05-06T13:01:01","slug":"fete-de-la-pogne-et-de-la-raviole-2024","status":"publish","type":"post","link":"https:\/\/mesdelicesbrioches.fr\/en\/fete-de-la-pogne-et-de-la-raviole-2024\/","title":{"rendered":"F\u00eate de la Pogne et de la Raviole 2024"},"content":{"rendered":"<div data-elementor-type=\"wp-post\" data-elementor-id=\"16320\" class=\"elementor elementor-16320\" data-elementor-post-type=\"post\">\n\t\t\t\t<div class=\"elementor-element elementor-element-af617b0 e-flex e-con-boxed e-con e-parent\" data-id=\"af617b0\" data-element_type=\"container\" data-e-type=\"container\">\n\t\t\t\t\t<div class=\"e-con-inner\">\n\t\t<div class=\"elementor-element elementor-element-7dd0771 e-con-full e-flex e-con e-child\" data-id=\"7dd0771\" data-element_type=\"container\" data-e-type=\"container\">\n\t\t\t\t<div class=\"elementor-element elementor-element-eda9edc elementor-widget elementor-widget-video\" data-id=\"eda9edc\" data-element_type=\"widget\" data-e-type=\"widget\" data-settings=\"{&quot;youtube_url&quot;:&quot;https:\\\/\\\/youtu.be\\\/M8S8zKz7F1M?si=lKTaW1Oox0SQlgJR&quot;,&quot;video_type&quot;:&quot;youtube&quot;,&quot;controls&quot;:&quot;yes&quot;}\" data-widget_type=\"video.default\">\n\t\t\t\t<div class=\"elementor-widget-container\">\n\t\t\t\t\t\t\t<div class=\"elementor-wrapper elementor-open-inline\">\n\t\t\t<div class=\"elementor-video\"><\/div>\t\t<\/div>\n\t\t\t\t\t\t<\/div>\n\t\t\t\t<\/div>\n\t\t\t\t<\/div>\n\t\t<div class=\"elementor-element elementor-element-319cbfc e-con-full e-flex e-con e-child\" data-id=\"319cbfc\" data-element_type=\"container\" data-e-type=\"container\">\n\t\t\t\t<div class=\"elementor-element elementor-element-f61b3af elementor-widget elementor-widget-text-editor\" data-id=\"f61b3af\" data-element_type=\"widget\" data-e-type=\"widget\" data-widget_type=\"text-editor.default\">\n\t\t\t\t<div class=\"elementor-widget-container\">\n\t\t\t\t\t\t\t\t\t<p>Rendez-vous incontournable des gourmands de la r\u00e9gion, <strong>la F\u00eate de la Pogne et de la Raviole prendra place les samedi 18 et dimanche 19 mai 2024 \u00e0 Romans<\/strong> !<\/p><p>\u00c0 occasion exceptionnelle, brioche exceptionnelle : Mes D\u00e9lices Brioch\u00e9s vous r\u00e9serve cette ann\u00e9e encore, quelques d\u00e9licieuses surprises, \u00e0 commencer par notre Pogne \u00e0 la noix de Grenoble confectionn\u00e9e en s\u00e9rie tr\u00e8s tr\u00e8s limit\u00e9e ainsi que&#8230; Chut, c&#8217;est une surprise ! Pour go\u00fbter notre deuxi\u00e8me d\u00e9lice, il va falloir venir nous voir !<\/p><p>Au programme de ces 2 jours : Shows culinaires, march\u00e9 du terroir, pogne des familles, d\u00e9monstration de fabrication de ravioles, animations musicales et pleins d\u2019autres surprises\u2026.<\/p><p><a href=\"https:\/\/www.ville-romans.fr\/fete-pogne-raviole\/programme\" target=\"_blank\" rel=\"noopener\">Programme complet sur le site de la F\u00eate ici<\/a><\/p>\t\t\t\t\t\t\t\t<\/div>\n\t\t\t\t<\/div>\n\t\t\t\t<\/div>\n\t\t\t\t\t<\/div>\n\t\t\t\t<\/div>\n\t\t\t\t<\/div>","protected":false},"excerpt":{"rendered":"<p>Rendez-vous incontournable des gourmands de la r\u00e9gion, la F\u00eate de la Pogne et de la Raviole prendra place les samedi 18 et dimanche 19 mai 2024 \u00e0 Romans ! \u00c0 occasion exceptionnelle, brioche exceptionnelle : Mes D\u00e9lices Brioch\u00e9s vous r\u00e9serve cette ann\u00e9e encore, quelques d\u00e9licieuses surprises, \u00e0 commencer par notre Pogne \u00e0 la noix de [&hellip;]<\/p>\n","protected":false},"author":1,"featured_media":16325,"comment_status":"closed","ping_status":"open","sticky":false,"template":"","format":"standard","meta":{"_acf_changed":false,"content-type":"","footnotes":""},"categories":[74],"tags":[],"class_list":["post-16320","post","type-post","status-publish","format-standard","has-post-thumbnail","hentry","category-evenement"],"acf":[],"_links":{"self":[{"href":"https:\/\/mesdelicesbrioches.fr\/en\/wp-json\/wp\/v2\/posts\/16320","targetHints":{"allow":["GET"]}}],"collection":[{"href":"https:\/\/mesdelicesbrioches.fr\/en\/wp-json\/wp\/v2\/posts"}],"about":[{"href":"https:\/\/mesdelicesbrioches.fr\/en\/wp-json\/wp\/v2\/types\/post"}],"author":[{"embeddable":true,"href":"https:\/\/mesdelicesbrioches.fr\/en\/wp-json\/wp\/v2\/users\/1"}],"replies":[{"embeddable":true,"href":"https:\/\/mesdelicesbrioches.fr\/en\/wp-json\/wp\/v2\/comments?post=16320"}],"version-history":[{"count":12,"href":"https:\/\/mesdelicesbrioches.fr\/en\/wp-json\/wp\/v2\/posts\/16320\/revisions"}],"predecessor-version":[{"id":16335,"href":"https:\/\/mesdelicesbrioches.fr\/en\/wp-json\/wp\/v2\/posts\/16320\/revisions\/16335"}],"wp:featuredmedia":[{"embeddable":true,"href":"https:\/\/mesdelicesbrioches.fr\/en\/wp-json\/wp\/v2\/media\/16325"}],"wp:attachment":[{"href":"https:\/\/mesdelicesbrioches.fr\/en\/wp-json\/wp\/v2\/media?parent=16320"}],"wp:term":[{"taxonomy":"category","embeddable":true,"href":"https:\/\/mesdelicesbrioches.fr\/en\/wp-json\/wp\/v2\/categories?post=16320"},{"taxonomy":"post_tag","embeddable":true,"href":"https:\/\/mesdelicesbrioches.fr\/en\/wp-json\/wp\/v2\/tags?post=16320"}],"curies":[{"name":"wp","href":"https:\/\/api.w.org\/{rel}","templated":true}]}}