{"id":16347,"date":"2024-07-01T17:24:14","date_gmt":"2024-07-01T15:24:14","guid":{"rendered":"https:\/\/mesdelicesbrioches.fr\/?p=16347"},"modified":"2024-07-01T17:28:06","modified_gmt":"2024-07-01T15:28:06","slug":"soutenu-par-le-feder","status":"publish","type":"post","link":"https:\/\/mesdelicesbrioches.fr\/en\/soutenu-par-le-feder\/","title":{"rendered":"Soutenu par le FEDER"},"content":{"rendered":"<div data-elementor-type=\"wp-post\" data-elementor-id=\"16347\" class=\"elementor elementor-16347\" data-elementor-post-type=\"post\">\n\t\t\t\t<div class=\"elementor-element elementor-element-a7b15f6 e-flex e-con-boxed e-con e-parent\" data-id=\"a7b15f6\" data-element_type=\"container\" data-e-type=\"container\">\n\t\t\t\t\t<div class=\"e-con-inner\">\n\t\t\t\t<div class=\"elementor-element elementor-element-8faf8d7 elementor-widget elementor-widget-image\" data-id=\"8faf8d7\" data-element_type=\"widget\" data-e-type=\"widget\" data-widget_type=\"image.default\">\n\t\t\t\t<div class=\"elementor-widget-container\">\n\t\t\t\t\t\t\t\t\t\t\t\t\t\t\t<img fetchpriority=\"high\" decoding=\"async\" width=\"768\" height=\"84\" src=\"https:\/\/mesdelicesbrioches.fr\/wp-content\/uploads\/2024\/07\/Bandeau_AG-Charte_Region-Europe_bleu-768x84.png\" class=\"attachment-medium_large size-medium_large wp-image-16349\" alt=\"\" srcset=\"https:\/\/mesdelicesbrioches.fr\/wp-content\/uploads\/2024\/07\/Bandeau_AG-Charte_Region-Europe_bleu-768x84.png 768w, https:\/\/mesdelicesbrioches.fr\/wp-content\/uploads\/2024\/07\/Bandeau_AG-Charte_Region-Europe_bleu-300x33.png 300w, https:\/\/mesdelicesbrioches.fr\/wp-content\/uploads\/2024\/07\/Bandeau_AG-Charte_Region-Europe_bleu-1024x112.png 1024w, https:\/\/mesdelicesbrioches.fr\/wp-content\/uploads\/2024\/07\/Bandeau_AG-Charte_Region-Europe_bleu-1536x167.png 1536w, https:\/\/mesdelicesbrioches.fr\/wp-content\/uploads\/2024\/07\/Bandeau_AG-Charte_Region-Europe_bleu-2048x223.png 2048w, https:\/\/mesdelicesbrioches.fr\/wp-content\/uploads\/2024\/07\/Bandeau_AG-Charte_Region-Europe_bleu-18x2.png 18w, https:\/\/mesdelicesbrioches.fr\/wp-content\/uploads\/2024\/07\/Bandeau_AG-Charte_Region-Europe_bleu-600x65.png 600w\" sizes=\"(max-width: 768px) 100vw, 768px\" title=\"Bandeau_AG-Charte_Region-Europe_bleu\" \/>\t\t\t\t\t\t\t\t\t\t\t\t\t\t\t<\/div>\n\t\t\t\t<\/div>\n\t\t\t\t\t<\/div>\n\t\t\t\t<\/div>\n\t\t<div class=\"elementor-element elementor-element-b26af52 e-flex e-con-boxed e-con e-parent\" data-id=\"b26af52\" data-element_type=\"container\" data-e-type=\"container\">\n\t\t\t\t\t<div class=\"e-con-inner\">\n\t\t\t\t<div class=\"elementor-element elementor-element-c5a4c66 elementor-widget elementor-widget-text-editor\" data-id=\"c5a4c66\" data-element_type=\"widget\" data-e-type=\"widget\" data-widget_type=\"text-editor.default\">\n\t\t\t\t<div class=\"elementor-widget-container\">\n\t\t\t\t\t\t\t\t\t<p>Mes D\u00e9lices Brioch\u00e9s remercie la R\u00e9gion Auvergne-Rh\u00f4ne-Alpes avec le soutien de l&#8217;Union europ\u00e9enne pour son financement d&#8217;outils de production pour la fabrication de brioches r\u00e9gionales avec un proc\u00e9d\u00e9 artisanal. Cette acquisition aura permis la cr\u00e9ation de dix emplois.\u00a0<\/p>\t\t\t\t\t\t\t\t<\/div>\n\t\t\t\t<\/div>\n\t\t\t\t\t<\/div>\n\t\t\t\t<\/div>\n\t\t\t\t<\/div>","protected":false},"excerpt":{"rendered":"<p>Mes D\u00e9lices Brioch\u00e9s remercie la R\u00e9gion Auvergne-Rh\u00f4ne-Alpes avec le soutien de l&#8217;Union europ\u00e9enne pour son financement d&#8217;outils de production pour la fabrication de brioches r\u00e9gionales avec un proc\u00e9d\u00e9 artisanal. Cette acquisition aura permis la cr\u00e9ation de dix emplois.\u00a0<\/p>","protected":false},"author":1,"featured_media":0,"comment_status":"closed","ping_status":"open","sticky":false,"template":"","format":"standard","meta":{"_acf_changed":false,"content-type":"","footnotes":""},"categories":[1],"tags":[],"class_list":["post-16347","post","type-post","status-publish","format-standard","hentry","category-non-classe"],"acf":[],"_links":{"self":[{"href":"https:\/\/mesdelicesbrioches.fr\/en\/wp-json\/wp\/v2\/posts\/16347","targetHints":{"allow":["GET"]}}],"collection":[{"href":"https:\/\/mesdelicesbrioches.fr\/en\/wp-json\/wp\/v2\/posts"}],"about":[{"href":"https:\/\/mesdelicesbrioches.fr\/en\/wp-json\/wp\/v2\/types\/post"}],"author":[{"embeddable":true,"href":"https:\/\/mesdelicesbrioches.fr\/en\/wp-json\/wp\/v2\/users\/1"}],"replies":[{"embeddable":true,"href":"https:\/\/mesdelicesbrioches.fr\/en\/wp-json\/wp\/v2\/comments?post=16347"}],"version-history":[{"count":7,"href":"https:\/\/mesdelicesbrioches.fr\/en\/wp-json\/wp\/v2\/posts\/16347\/revisions"}],"predecessor-version":[{"id":16355,"href":"https:\/\/mesdelicesbrioches.fr\/en\/wp-json\/wp\/v2\/posts\/16347\/revisions\/16355"}],"wp:attachment":[{"href":"https:\/\/mesdelicesbrioches.fr\/en\/wp-json\/wp\/v2\/media?parent=16347"}],"wp:term":[{"taxonomy":"category","embeddable":true,"href":"https:\/\/mesdelicesbrioches.fr\/en\/wp-json\/wp\/v2\/categories?post=16347"},{"taxonomy":"post_tag","embeddable":true,"href":"https:\/\/mesdelicesbrioches.fr\/en\/wp-json\/wp\/v2\/tags?post=16347"}],"curies":[{"name":"wp","href":"https:\/\/api.w.org\/{rel}","templated":true}]}}